{"id":1575,"date":"2023-05-19T10:36:13","date_gmt":"2023-05-19T07:36:13","guid":{"rendered":"https:\/\/www.primariavlahita.ro\/?p=1575"},"modified":"2024-05-01T10:42:09","modified_gmt":"2024-05-01T07:42:09","slug":"epitesi-engedely-12-19-05-2023","status":"publish","type":"post","link":"https:\/\/www.primariavlahita.ro\/hu\/epitesi-engedely-12-19-05-2023\/","title":{"rendered":"\u00c9p\u00edt\u00e9si enged\u00e9ly 12\/19.05.2023"},"content":{"rendered":"\n<h4 class=\"wp-block-heading\">A.C. 15\/07.07.2022 sz\u00e1m\u00fa t\u00e9mam\u00f3dos\u00edt\u00e1s &#8211; a P+1E+M villa \u00e9p\u00fclet fel\u00faj\u00edt\u00e1s\u00e1ra, vend\u00e9gh\u00e1z \u00e9s konferenciaterem \u00e9p\u00edt\u00e9s\u00e9re k\u00f6zm\u0171vekkel, hozz\u00e1f\u00e9r\u00e9ssel \u00e9s ker\u00edt\u00e9ssel<\/h4>\n\n\n\n<p>POT existent 3,44% CUT existent 0,087<br>POT propus 16,79% CUT propus 0,28<br>Alapter\u00fclet: 990 m<sup>2<\/sup><br>Kiter\u00edtett ter\u00fclet: 1686 m<sup>2<\/sup><br>Hasznos alapter\u00fclet: 1360 m<sup>2<\/sup><br>Regim de \u00een\u0103l\u021bime: P+1E+M<\/p>\n\n\n\n<p>Szintek sz\u00e1ma:<\/p>\n\n\n\n<ul class=\"wp-block-list\">\n<li>Villa\u00e9p\u00fclet: 3<\/li>\n\n\n\n<li>Vend\u00e9gh\u00e1z: 3 <\/li>\n\n\n\n<li>Konferenciaterem: 1<\/li>\n<\/ul>\n\n\n\n<p>Ereszmagass\u00e1g:<\/p>\n\n\n\n<ul class=\"wp-block-list\">\n<li>Villa\u00e9p\u00fclet: 5,90 m<\/li>\n\n\n\n<li>Vend\u00e9gh\u00e1z: 8,47 m<\/li>\n\n\n\n<li>Konferenciaterem: 4,68 m<\/li>\n<\/ul>\n\n\n\n<p>Maxim\u00e1lis \u00e9p\u00fcletmagass\u00e1g:<\/p>\n\n\n\n<ul class=\"wp-block-list\">\n<li>Villa\u00e9p\u00fclet: 12,30 m<\/li>\n\n\n\n<li>Vend\u00e9gh\u00e1z: 11,59 m<\/li>\n\n\n\n<li>Konferenciaterem: 3,58 m<\/li>\n<\/ul>\n\n\n\n<div class=\"wp-block-buttons is-content-justification-center is-layout-flex wp-container-core-buttons-is-layout-16018d1d wp-block-buttons-is-layout-flex\">\n<div class=\"wp-block-button is-style-outline is-style-outline--1\"><a class=\"wp-block-button__link wp-element-button\" href=\"https:\/\/www.primariavlahita.ro\/dok\/urbanisztika\/2023\/12_19-05-2023_AC_12-HUNRO_TEAM.pdf\" target=\"_blank\" rel=\"noreferrer noopener\">Let\u00f6lt\u00e9s<\/a><\/div>\n<\/div>\n","protected":false},"excerpt":{"rendered":"<p>\u00c9p\u00edt\u00e9si enged\u00e9ly 12\/19.05.2023, A.C. 15\/07.07.2022 sz\u00e1m\u00fa t\u00e9mam\u00f3dos\u00edt\u00e1s &#8211; a P+1E+M villa \u00e9p\u00fclet fel\u00faj\u00edt\u00e1s\u00e1ra, vend\u00e9gh\u00e1z \u00e9s konferenciaterem \u00e9p\u00edt\u00e9s\u00e9re k\u00f6zm\u0171vekkel, hozz\u00e1f\u00e9r\u00e9ssel \u00e9s ker\u00edt\u00e9ssel<\/p>\n","protected":false},"author":1,"featured_media":0,"comment_status":"closed","ping_status":"open","sticky":false,"template":"","format":"standard","meta":{"footnotes":""},"categories":[175],"tags":[],"class_list":["post-1575","post","type-post","status-publish","format-standard","hentry","category-epitesi-engedelyek"],"_links":{"self":[{"href":"https:\/\/www.primariavlahita.ro\/hu\/wp-json\/wp\/v2\/posts\/1575","targetHints":{"allow":["GET"]}}],"collection":[{"href":"https:\/\/www.primariavlahita.ro\/hu\/wp-json\/wp\/v2\/posts"}],"about":[{"href":"https:\/\/www.primariavlahita.ro\/hu\/wp-json\/wp\/v2\/types\/post"}],"author":[{"embeddable":true,"href":"https:\/\/www.primariavlahita.ro\/hu\/wp-json\/wp\/v2\/users\/1"}],"replies":[{"embeddable":true,"href":"https:\/\/www.primariavlahita.ro\/hu\/wp-json\/wp\/v2\/comments?post=1575"}],"version-history":[{"count":1,"href":"https:\/\/www.primariavlahita.ro\/hu\/wp-json\/wp\/v2\/posts\/1575\/revisions"}],"predecessor-version":[{"id":1577,"href":"https:\/\/www.primariavlahita.ro\/hu\/wp-json\/wp\/v2\/posts\/1575\/revisions\/1577"}],"wp:attachment":[{"href":"https:\/\/www.primariavlahita.ro\/hu\/wp-json\/wp\/v2\/media?parent=1575"}],"wp:term":[{"taxonomy":"category","embeddable":true,"href":"https:\/\/www.primariavlahita.ro\/hu\/wp-json\/wp\/v2\/categories?post=1575"},{"taxonomy":"post_tag","embeddable":true,"href":"https:\/\/www.primariavlahita.ro\/hu\/wp-json\/wp\/v2\/tags?post=1575"}],"curies":[{"name":"wp","href":"https:\/\/api.w.org\/{rel}","templated":true}]}}