{"id":822,"date":"2021-01-28T19:41:00","date_gmt":"2021-01-28T17:41:00","guid":{"rendered":"https:\/\/www.primariavlahita.ro\/?p=822"},"modified":"2024-04-16T19:45:40","modified_gmt":"2024-04-16T16:45:40","slug":"2021-januar-28-ra-osszehivott-rendkivuli-ules","status":"publish","type":"post","link":"https:\/\/www.primariavlahita.ro\/hu\/2021-januar-28-ra-osszehivott-rendkivuli-ules\/","title":{"rendered":"2021. janu\u00e1r 28.-ra \u00f6sszeh\u00edvott rendk\u00edv\u00fcli \u00fcl\u00e9s"},"content":{"rendered":"\n<h4 class=\"wp-block-heading\">Napirend tervezet<\/h4>\n\n\n\n<p class=\"has-text-align-center\">A 2020.12.22 rendes havi gy\u0171l\u00e9s jegyz\u0151k\u00f6nyv\u00e9nek elfogad\u00e1sa. <br>Kezdem\u00e9nyez\u0151: \u00dcLKEI Jol\u00e1n Erika jegyz\u0151<\/p>\n\n\n\n<p>1. A \u201dBart\u00f3k B\u00e9la\u201d M\u0171vel\u0151d\u00e9si h\u00e1z rendeltet\u00e9s\u00e9nek ideiglenes \u00e1tmin\u0151s\u00edt\u00e9se COVID-19 j\u00e1rv\u00e1ny elleni olt\u00f3k\u00f6zpontra.<\/p>\n\n\n\n<p><strong><a href=\"https:\/\/www.primariavlahita.ro\/dok\/hat-terv-2021\/januar\/1_PH_Centru_vaccinare.pdf\" target=\"_blank\" rel=\"noreferrer noopener\">185\/1\/S\/2021<\/a><\/strong><\/p>\n\n\n\n<p class=\"has-text-align-right\">Kezdem\u00e9nyez\u0151: L\u0150RINCZ Csaba polg\u00e1rmester<\/p>\n\n\n\n<p>2. Szentegyh\u00e1za v\u00e1ros iskolah\u00e1l\u00f3zat\u00e1nak j\u00f3v\u00e1hagy\u00e1s\u00e1r\u00f3l sz\u00f3l\u00f3 helyi tan\u00e1cs hat\u00e1rozat-tervezet.<\/p>\n\n\n\n<p><strong><a href=\"https:\/\/www.primariavlahita.ro\/dok\/hat-terv-2021\/januar\/2_PH_2021_retea_scolara.pdf\" target=\"_blank\" rel=\"noreferrer noopener\">191\/545\/S\/2020<\/a><\/strong><\/p>\n\n\n\n<p class=\"has-text-align-right\">Kezdem\u00e9nyez\u0151: L\u0150RINCZ Csaba polg\u00e1rmester<\/p>\n\n\n\n<p>3. A garant\u00e1lt j\u00f6vedelem \u00e9rdek\u00e9ben v\u00e9gzett k\u00f6z\u00e9rdek\u0171 munkaterv j\u00f3v\u00e1hagy\u00e1s\u00e1r\u00f3l sz\u00f3l\u00f3 helyi tan\u00e1cs hat\u00e1rozat-tervezet.<\/p>\n\n\n\n<p><strong><a href=\"https:\/\/www.primariavlahita.ro\/dok\/hat-terv-2021\/januar\/3_PH_aprobare_plan_anual_ajutor_social_2021.pdf\" target=\"_blank\" rel=\"noreferrer noopener\">185\/4\/S\/2021<\/a><\/strong><\/p>\n\n\n\n<p class=\"has-text-align-right\">Kezdem\u00e9nyez\u0151: L\u0150RINCZ Csaba polg\u00e1rmester<\/p>\n\n\n\n<p>4. A k\u00f6zhaszn\u00fa munkaterv j\u00f3v\u00e1hagy\u00e1s\u00e1r\u00f3l sz\u00f3l\u00f3 191\/35\/S\/23.01.2020 -es sz. helyi tan\u00e1cs hat\u00e1rozat-tervezet.<\/p>\n\n\n\n<p><strong><a href=\"https:\/\/www.primariavlahita.ro\/dok\/hat-terv-2021\/januar\/4_PH_munca_neremunerata_2021.pdf\" target=\"_blank\" rel=\"noreferrer noopener\">185\/7\/S\/2021<\/a><\/strong><\/p>\n\n\n\n<p class=\"has-text-align-right\">Kezdem\u00e9nyez\u0151: L\u0150RINCZ Csaba polg\u00e1rmester<\/p>\n\n\n\n<p>5. Szentegyh\u00e1za v\u00e1ros egyes k\u00f6zvagyon\u00e1nak \u201dM\u00e1rtonffi J\u00e1nos\u201d \u00c1ltal\u00e1nos Iskola \u00fcgykezel\u00e9sbe ad\u00f3 szerz\u0151d\u00e9s j\u00f3v\u00e1hagy\u00e1s\u00e1r\u00f3l sz\u00f3l\u00f3 helyi tan\u00e1cs hat\u00e1rozat-tervezet.<\/p>\n\n\n\n<p><strong><a href=\"https:\/\/www.primariavlahita.ro\/dok\/hat-terv-2021\/januar\/5_PH_Dare_in_administrare_Martonffi.pdf\" target=\"_blank\" rel=\"noreferrer noopener\">185\/10\/S\/2021<\/a><\/strong><\/p>\n\n\n\n<p class=\"has-text-align-right\">Kezdem\u00e9nyez\u0151: L\u0150RINCZ Csaba polg\u00e1rmester<\/p>\n\n\n\n<p>6. Szentegyh\u00e1za v\u00e1ros egyes k\u00f6zvagyon\u00e1nak &#8222;G\u00c1BOR \u00c1RON&#8221; L\u00edceum \u00fcgykezel\u00e9s\u00e9be ad\u00f3 szerz\u0151d\u00e9s j\u00f3v\u00e1hagy\u00e1s\u00e1r\u00f3l sz\u00f3l\u00f3 helyi tan\u00e1cs hat\u00e1rozat-tervezet.<\/p>\n\n\n\n<p><strong><a href=\"https:\/\/www.primariavlahita.ro\/dok\/hat-terv-2021\/januar\/6_PH_Dare_in_administrare_Gabor_Aron.pdf\" target=\"_blank\" rel=\"noreferrer noopener\">185\/13\/S\/2021<\/a><\/strong><\/p>\n\n\n\n<p class=\"has-text-align-right\">Kezdem\u00e9nyez\u0151: L\u0150RINCZ Csaba polg\u00e1rmester<\/p>\n\n\n\n<p>7. \u201cG\u00e1bor \u00c1ron\u201d Iskolak\u00f6zpont energiahat\u00e9konys\u00e1g\u00e1t n\u00f6vel\u0151 projekt le\u00edr\u00e1s\u00e1nak \u00e9s tervez\u00e9si t\u00e9m\u00e1j\u00e1nak j\u00f3v\u00e1hagy\u00e1s\u00e1r\u00f3l sz\u00f3l\u00f3 helyi tan\u00e1cs hat\u00e1rozat-tervezet.<\/p>\n\n\n\n<p><strong><a href=\"https:\/\/www.primariavlahita.ro\/dok\/hat-terv-2021\/januar\/7_PH_privind_aprobarea_NOTA_CONCEPTUALA_si_TEMA_DE_PROIECTARE_AFM_Cresterea_eficientei_energetice_Grup_scolar_Gabor_Aron.pdf\" target=\"_blank\" rel=\"noreferrer noopener\">185\/16\/S\/2021<\/a><\/strong><\/p>\n\n\n\n<p class=\"has-text-align-right\">Kezdem\u00e9nyez\u0151: L\u0150RINCZ Csaba polg\u00e1rmester<\/p>\n\n\n\n<p>8. \u201cG\u00e1bor \u00c1ron\u201d Iskolak\u00f6zpont fel\u00faj\u00edt\u00e1si \u00e9s korszer\u0171s\u00edt\u00e9si projekt le\u00edr\u00e1s\u00e1nak \u00e9s tervez\u00e9si t\u00e9m\u00e1j\u00e1nak j\u00f3v\u00e1hagy\u00e1s\u00e1r\u00f3l sz\u00f3l\u00f3 helyi tan\u00e1cs hat\u00e1rozat-tervezet.<\/p>\n\n\n\n<p><strong><a href=\"https:\/\/www.primariavlahita.ro\/dok\/hat-terv-2021\/januar\/8_PH_privind_aprobarea_NOTA_CONCEPTUALA_si_TEMA_DE_PROIECTARE_CNI_SA_Grup_scolar_Gabor_Aron.pdf\" target=\"_blank\" rel=\"noreferrer noopener\">185\/19\/S\/2021<\/a><\/strong><\/p>\n\n\n\n<p class=\"has-text-align-right\">Kezdem\u00e9nyez\u0151: L\u0150RINCZ Csaba polg\u00e1rmester<\/p>\n\n\n\n<p>9. Szentegyh\u00e1za utc\u00e1inak korszer\u0171s\u00edt\u00e9si beruh\u00e1z\u00e1s\u00e1b\u00f3l sz\u00e1rmaz\u00f3 k\u00f6zvagyon t\u00e1rgyak \u00e9rt\u00e9k\u00e9nek n\u00f6vel\u00e9s\u00e9r\u0151l sz\u00f3l\u00f3 helyi tan\u00e1cs hat\u00e1rozat-tervezet.<\/p>\n\n\n\n<p><strong><a href=\"https:\/\/www.primariavlahita.ro\/dok\/hat-terv-2021\/januar\/9_PH_majorare_valoare_de_inventar_Ansamblu_de_strazi.pdf\" target=\"_blank\" rel=\"noreferrer noopener\">185\/22\/S\/2021<\/a><\/strong><\/p>\n\n\n\n<p class=\"has-text-align-right\">Kezdem\u00e9nyez\u0151: L\u0150RINCZ Csaba polg\u00e1rmester<\/p>\n\n\n\n<p>10. Szentegyh\u00e1za V\u00e1ros Diszn\u00f3tor elnevez\u00e9s\u0171 kultur\u00e1lis rendezv\u00e9ny\u00e9nek megszervez\u00e9s\u00e9r\u0151l sz\u00f3l\u00f3 helyi tan\u00e1cs hat\u00e1rozat-tervezet.<\/p>\n\n\n\n<p><strong><a href=\"https:\/\/www.primariavlahita.ro\/dok\/hat-terv-2021\/januar\/10_PH_Disznotor.pdf\" target=\"_blank\" rel=\"noreferrer noopener\">185\/25\/S\/2021<\/a><\/strong><\/p>\n\n\n\n<p class=\"has-text-align-right\">Kezdem\u00e9nyez\u0151: L\u0150RINCZ Csaba polg\u00e1rmester<\/p>\n\n\n\n<p>11. A \u201dH\u00f3feh\u00e9rke\u201d napk\u00f6zi otthon \u00fcgykezel\u00e9si jog\u00e1nak visszavon\u00e1sa a &#8222;G\u00c1BOR \u00c1RON&#8221; L\u00edceumt\u00f3l \u00e9s az ingatlan k\u00f6zvagyonb\u00f3l mag\u00e1nvagyonba val\u00f3 \u00e1tmin\u0151s\u00edt\u00e9s\u00e9r\u0151l sz\u00f3l\u00f3 helyi tan\u00e1cs hat\u00e1rozat-tervezet.&nbsp;<\/p>\n\n\n\n<p><a href=\"https:\/\/www.primariavlahita.ro\/dok\/hat-terv-2021\/januar\/11_PH_incetare_administrare_Hofeherke_si_trecerea_in_privat.pdf\" target=\"_blank\" rel=\"noreferrer noopener\"><strong>185\/28\/S\/2021<\/strong><\/a><\/p>\n\n\n\n<p class=\"has-text-align-right\">Kezdem\u00e9nyez\u0151: L\u0150RINCZ Csaba polg\u00e1rmester<\/p>\n\n\n\n<p>12. Jogi szolg\u00e1ltat\u00e1sok -1283\/96\/2020 sz. per\u00fcgy- beszerz\u00e9s\u00e9nek j\u00f3v\u00e1hagy\u00e1s\u00e1r\u00f3l sz\u00f3l\u00f3 helyi tan\u00e1cs hat\u00e1rozat-tervezet.&nbsp;<\/p>\n\n\n\n<p><a href=\"https:\/\/www.primariavlahita.ro\/dok\/hat-terv-2021\/januar\/12_PH_angajare_avocat_Gisolution_Map_SRL.pdf\" target=\"_blank\" rel=\"noreferrer noopener\"><strong>185\/31\/S\/2021<\/strong><\/a><\/p>\n\n\n\n<p class=\"has-text-align-right\">Kezdem\u00e9nyez\u0151: L\u0150RINCZ Csaba polg\u00e1rmester<\/p>\n\n\n\n<p>13.&nbsp;Szentegyh\u00e1za v\u00e1rost \u00e9s a Madarasi Hargit\u00e1t \u00f6sszek\u00f6t\u0151, Szentegyh\u00e1za v\u00e1ros k\u00f6zvagyon\u00e1t k\u00e9pez\u0151 erdei \u00fat t\u00e9li id\u0151szakban t\u00f6rt\u00e9n\u0151 k\u00f6zleked\u00e9si felt\u00e9teleinek j\u00f3v\u00e1hagy\u00e1s\u00e1r\u00f3l sz\u00f3l\u00f3 helyi tan\u00e1cs hat\u00e1rozat-tervezet.<\/p>\n\n\n\n<p><a href=\"https:\/\/www.primariavlahita.ro\/dok\/hat-terv-2021\/januar\/13_PH_Conditii_de_acces_drum_Harghita_Madaras.pdf\" target=\"_blank\" rel=\"noreferrer noopener\"><strong>185\/34\/S\/2021<\/strong><\/a><\/p>\n\n\n\n<p class=\"has-text-align-right\">Kezdem\u00e9nyez\u0151: L\u0150RINCZ Csaba polg\u00e1rmester<\/p>\n\n\n\n<p>14. K\u00fcl\u00f6nf\u00e9l\u00e9k.<\/p>\n\n\n\n<p><br><\/p>\n\n\n\n<p class=\"has-text-align-center\">\u00dcLKEI Jol\u00e1n Erika <br>f\u0151jegyz\u0151<\/p>\n\n\n\n<p><\/p>\n","protected":false},"excerpt":{"rendered":"<p>A 2020.12.22 rendes havi gy\u0171l\u00e9s jegyz\u0151k\u00f6nyv\u00e9nek elfogad\u00e1sa. Kezdem\u00e9nyez\u0151: \u00dcLKEI Jol\u00e1n Erika jegyz\u0151<\/p>\n","protected":false},"author":1,"featured_media":0,"comment_status":"closed","ping_status":"open","sticky":false,"template":"","format":"standard","meta":{"footnotes":""},"categories":[138],"tags":[],"class_list":["post-822","post","type-post","status-publish","format-standard","hentry","category-napirend-tervezetek"],"_links":{"self":[{"href":"https:\/\/www.primariavlahita.ro\/hu\/wp-json\/wp\/v2\/posts\/822","targetHints":{"allow":["GET"]}}],"collection":[{"href":"https:\/\/www.primariavlahita.ro\/hu\/wp-json\/wp\/v2\/posts"}],"about":[{"href":"https:\/\/www.primariavlahita.ro\/hu\/wp-json\/wp\/v2\/types\/post"}],"author":[{"embeddable":true,"href":"https:\/\/www.primariavlahita.ro\/hu\/wp-json\/wp\/v2\/users\/1"}],"replies":[{"embeddable":true,"href":"https:\/\/www.primariavlahita.ro\/hu\/wp-json\/wp\/v2\/comments?post=822"}],"version-history":[{"count":1,"href":"https:\/\/www.primariavlahita.ro\/hu\/wp-json\/wp\/v2\/posts\/822\/revisions"}],"predecessor-version":[{"id":823,"href":"https:\/\/www.primariavlahita.ro\/hu\/wp-json\/wp\/v2\/posts\/822\/revisions\/823"}],"wp:attachment":[{"href":"https:\/\/www.primariavlahita.ro\/hu\/wp-json\/wp\/v2\/media?parent=822"}],"wp:term":[{"taxonomy":"category","embeddable":true,"href":"https:\/\/www.primariavlahita.ro\/hu\/wp-json\/wp\/v2\/categories?post=822"},{"taxonomy":"post_tag","embeddable":true,"href":"https:\/\/www.primariavlahita.ro\/hu\/wp-json\/wp\/v2\/tags?post=822"}],"curies":[{"name":"wp","href":"https:\/\/api.w.org\/{rel}","templated":true}]}}